{"id":2397,"date":"2024-10-30T16:18:12","date_gmt":"2024-10-30T16:18:12","guid":{"rendered":"https:\/\/www.agrupamentoolaias.edu.pt\/portal\/?p=2397"},"modified":"2024-10-30T16:19:28","modified_gmt":"2024-10-30T16:19:28","slug":"contratacao-de-tecnico-especializado-animador-cultural-social-2","status":"publish","type":"post","link":"https:\/\/www.agrupamentoolaias.edu.pt\/portal\/contratacao-de-tecnico-especializado-animador-cultural-social-2\/","title":{"rendered":"Contrata\u00e7\u00e3o de T\u00e9cnico Especializado \u2013 Animador Cultural\/Social"},"content":{"rendered":"\n<p><strong>Junto se anexa ficheiro com informa\u00e7\u00e3o relativa \u00e0 Lista Ordenada de contrata\u00e7\u00e3o de T\u00e9cnico Especializado \u2013 Animador Cultural\/Social para o agrupamento de Escolas das Olaias.<\/strong><\/p>\n<p><a href=\"https:\/\/www.agrupamentoolaias.edu.pt\/portal\/wp-content\/uploads\/2024\/10\/Resultados-Animador-Novo.pdf\" target=\"_blank\" rel=\"noopener\">Resultados Animador cultural\/social<\/a><\/p>\n","protected":false},"excerpt":{"rendered":"<p>Junto se anexa ficheiro com informa\u00e7\u00e3o relativa \u00e0 Lista Ordenada de contrata\u00e7\u00e3o de T\u00e9cnico Especializado \u2013 Animador Cultural\/Social para o<\/p>\n","protected":false},"author":1,"featured_media":0,"comment_status":"closed","ping_status":"open","sticky":false,"template":"","format":"standard","meta":{"footnotes":""},"categories":[37,32],"tags":[],"class_list":["post-2397","post","type-post","status-publish","format-standard","hentry","category-contratacao","category-noticias"],"wppr_data":[],"_links":{"self":[{"href":"https:\/\/www.agrupamentoolaias.edu.pt\/portal\/wp-json\/wp\/v2\/posts\/2397"}],"collection":[{"href":"https:\/\/www.agrupamentoolaias.edu.pt\/portal\/wp-json\/wp\/v2\/posts"}],"about":[{"href":"https:\/\/www.agrupamentoolaias.edu.pt\/portal\/wp-json\/wp\/v2\/types\/post"}],"author":[{"embeddable":true,"href":"https:\/\/www.agrupamentoolaias.edu.pt\/portal\/wp-json\/wp\/v2\/users\/1"}],"replies":[{"embeddable":true,"href":"https:\/\/www.agrupamentoolaias.edu.pt\/portal\/wp-json\/wp\/v2\/comments?post=2397"}],"version-history":[{"count":1,"href":"https:\/\/www.agrupamentoolaias.edu.pt\/portal\/wp-json\/wp\/v2\/posts\/2397\/revisions"}],"predecessor-version":[{"id":2399,"href":"https:\/\/www.agrupamentoolaias.edu.pt\/portal\/wp-json\/wp\/v2\/posts\/2397\/revisions\/2399"}],"wp:attachment":[{"href":"https:\/\/www.agrupamentoolaias.edu.pt\/portal\/wp-json\/wp\/v2\/media?parent=2397"}],"wp:term":[{"taxonomy":"category","embeddable":true,"href":"https:\/\/www.agrupamentoolaias.edu.pt\/portal\/wp-json\/wp\/v2\/categories?post=2397"},{"taxonomy":"post_tag","embeddable":true,"href":"https:\/\/www.agrupamentoolaias.edu.pt\/portal\/wp-json\/wp\/v2\/tags?post=2397"}],"curies":[{"name":"wp","href":"https:\/\/api.w.org\/{rel}","templated":true}]}}