{"id":2556,"date":"2025-03-17T19:45:57","date_gmt":"2025-03-17T19:45:57","guid":{"rendered":"https:\/\/www.agrupamentoolaias.edu.pt\/portal\/?p=2556"},"modified":"2025-03-17T19:53:50","modified_gmt":"2025-03-17T19:53:50","slug":"comemoracoes-dos-500-anos-de-camoes","status":"publish","type":"post","link":"https:\/\/www.agrupamentoolaias.edu.pt\/portal\/comemoracoes-dos-500-anos-de-camoes\/","title":{"rendered":"Comemora\u00e7\u00f5es dos 500 anos de Cam\u00f5es."},"content":{"rendered":"\n<p>Anexa-se ficheiro com a Programa\u00e7\u00e3o das Comemora\u00e7\u00f5es do V Centen\u00e1rio de Cam\u00f5es no Agrupamento de Escolas das Olaias.<\/p>\n<p><img loading=\"lazy\" decoding=\"async\" class=\"alignleft size-thumbnail wp-image-2557\" src=\"https:\/\/www.agrupamentoolaias.edu.pt\/portal\/wp-content\/uploads\/2025\/03\/camoes_pag_agr-150x150.png\" alt=\"\" width=\"150\" height=\"150\" \/><a href=\"https:\/\/www.agrupamentoolaias.edu.pt\/portal\/wp-content\/uploads\/2025\/03\/PROGRAMACAO_FINAL.pdf\">PROGRAMACAO_FINAL<\/a><\/p>\n","protected":false},"excerpt":{"rendered":"<p>Anexa-se ficheiro com a Programa\u00e7\u00e3o das Comemora\u00e7\u00f5es do V Centen\u00e1rio de Cam\u00f5es no Agrupamento de Escolas das Olaias. PROGRAMACAO_FINAL<\/p>\n","protected":false},"author":1,"featured_media":2561,"comment_status":"closed","ping_status":"open","sticky":false,"template":"","format":"standard","meta":{"footnotes":""},"categories":[11,12,32],"tags":[],"class_list":["post-2556","post","type-post","status-publish","format-standard","has-post-thumbnail","hentry","category-actividades","category-geral","category-noticias"],"wppr_data":[],"_links":{"self":[{"href":"https:\/\/www.agrupamentoolaias.edu.pt\/portal\/wp-json\/wp\/v2\/posts\/2556"}],"collection":[{"href":"https:\/\/www.agrupamentoolaias.edu.pt\/portal\/wp-json\/wp\/v2\/posts"}],"about":[{"href":"https:\/\/www.agrupamentoolaias.edu.pt\/portal\/wp-json\/wp\/v2\/types\/post"}],"author":[{"embeddable":true,"href":"https:\/\/www.agrupamentoolaias.edu.pt\/portal\/wp-json\/wp\/v2\/users\/1"}],"replies":[{"embeddable":true,"href":"https:\/\/www.agrupamentoolaias.edu.pt\/portal\/wp-json\/wp\/v2\/comments?post=2556"}],"version-history":[{"count":4,"href":"https:\/\/www.agrupamentoolaias.edu.pt\/portal\/wp-json\/wp\/v2\/posts\/2556\/revisions"}],"predecessor-version":[{"id":2567,"href":"https:\/\/www.agrupamentoolaias.edu.pt\/portal\/wp-json\/wp\/v2\/posts\/2556\/revisions\/2567"}],"wp:featuredmedia":[{"embeddable":true,"href":"https:\/\/www.agrupamentoolaias.edu.pt\/portal\/wp-json\/wp\/v2\/media\/2561"}],"wp:attachment":[{"href":"https:\/\/www.agrupamentoolaias.edu.pt\/portal\/wp-json\/wp\/v2\/media?parent=2556"}],"wp:term":[{"taxonomy":"category","embeddable":true,"href":"https:\/\/www.agrupamentoolaias.edu.pt\/portal\/wp-json\/wp\/v2\/categories?post=2556"},{"taxonomy":"post_tag","embeddable":true,"href":"https:\/\/www.agrupamentoolaias.edu.pt\/portal\/wp-json\/wp\/v2\/tags?post=2556"}],"curies":[{"name":"wp","href":"https:\/\/api.w.org\/{rel}","templated":true}]}}