{"id":2654,"date":"2025-05-25T08:54:38","date_gmt":"2025-05-25T08:54:38","guid":{"rendered":"https:\/\/www.agrupamentoolaias.edu.pt\/portal\/?p=2654"},"modified":"2025-05-25T08:56:48","modified_gmt":"2025-05-25T08:56:48","slug":"comemoracoes-do-v-centenario-de-camoes-no-agrupamento-palavras-ditas","status":"publish","type":"post","link":"https:\/\/www.agrupamentoolaias.edu.pt\/portal\/comemoracoes-do-v-centenario-de-camoes-no-agrupamento-palavras-ditas\/","title":{"rendered":"Comemora\u00e7\u00f5es do V Centen\u00e1rio de Cam\u00f5es no Agrupamento &#8211; Palavras Ditas"},"content":{"rendered":"\n<p>A encerrar as&nbsp;<em>Comemora\u00e7\u00f5es do V Centen\u00e1rio de Cam\u00f5es<\/em>, que decorreram ao longo do ano letivo, organizadas pelo Subdepartamento de Portugu\u00eas na Escola B\u00e1sica 2, 3 das Olaias, teve lugar no dia 7 de maio, pelas dezassete horas, na Biblioteca Escolar, a atividade&nbsp;<em>Palavras Ditas<\/em>&nbsp;que incluiu uma exposi\u00e7\u00e3o dos trabalhos dos alunos realizados em Educa\u00e7\u00e3o Visual sobre figuras m\u00edticas e hist\u00f3ricas da epopeia nacional e a divulga\u00e7\u00e3o de um espa\u00e7o digital criado na escola sobre a vida e obra de Cam\u00f5es, dispon\u00edvel em&nbsp;<a href=\"https:\/\/sites.google.com\/agrupamentoolaias.edu.pt\/agrupamento-de-escolas-das-ola?usp=sharing&amp;pli=1\" target=\"_blank\" rel=\"noreferrer noopener\">https:\/\/sites.google.com\/agrupamentoolaias.edu.pt\/agrupamento-de-escolas-das-ola?usp=sharing&amp;pli=1<\/a>.&nbsp;<\/p>\n\n\n\n<p>Foi um encontro liter\u00e1rio que contou com a participa\u00e7\u00e3o de alunos, essencialmente do 9\u00b0ano, que leram\u00a0est\u00e2ncias\u00a0selecionadas de\u00a0<em><u>Os Lus\u00edadas<\/u><\/em>\u00a0e outros poemas l\u00edricos de Cam\u00f5es. Contou ainda com outros leitores, nomeadamente docentes, e muitos espetadores. Agradecemos a todos pelo sucesso da atividade.\u00a0<\/p>\n\n\n\n<p>Vit\u00f3ria Martins<\/p>\n\n\n\n<p>\u00a0<\/p>\n<p>\u00a0<\/p>\n\n\n\n\n\n\n","protected":false},"excerpt":{"rendered":"<p>A encerrar as&nbsp;Comemora\u00e7\u00f5es do V Centen\u00e1rio de Cam\u00f5es, que decorreram ao longo do ano letivo, organizadas pelo Subdepartamento de Portugu\u00eas<\/p>\n","protected":false},"author":1,"featured_media":2655,"comment_status":"closed","ping_status":"open","sticky":false,"template":"","format":"standard","meta":{"footnotes":""},"categories":[11,47,12,32],"tags":[],"class_list":["post-2654","post","type-post","status-publish","format-standard","has-post-thumbnail","hentry","category-actividades","category-escola-eb-23-das-olaias","category-geral","category-noticias"],"wppr_data":[],"_links":{"self":[{"href":"https:\/\/www.agrupamentoolaias.edu.pt\/portal\/wp-json\/wp\/v2\/posts\/2654"}],"collection":[{"href":"https:\/\/www.agrupamentoolaias.edu.pt\/portal\/wp-json\/wp\/v2\/posts"}],"about":[{"href":"https:\/\/www.agrupamentoolaias.edu.pt\/portal\/wp-json\/wp\/v2\/types\/post"}],"author":[{"embeddable":true,"href":"https:\/\/www.agrupamentoolaias.edu.pt\/portal\/wp-json\/wp\/v2\/users\/1"}],"replies":[{"embeddable":true,"href":"https:\/\/www.agrupamentoolaias.edu.pt\/portal\/wp-json\/wp\/v2\/comments?post=2654"}],"version-history":[{"count":1,"href":"https:\/\/www.agrupamentoolaias.edu.pt\/portal\/wp-json\/wp\/v2\/posts\/2654\/revisions"}],"predecessor-version":[{"id":2656,"href":"https:\/\/www.agrupamentoolaias.edu.pt\/portal\/wp-json\/wp\/v2\/posts\/2654\/revisions\/2656"}],"wp:featuredmedia":[{"embeddable":true,"href":"https:\/\/www.agrupamentoolaias.edu.pt\/portal\/wp-json\/wp\/v2\/media\/2655"}],"wp:attachment":[{"href":"https:\/\/www.agrupamentoolaias.edu.pt\/portal\/wp-json\/wp\/v2\/media?parent=2654"}],"wp:term":[{"taxonomy":"category","embeddable":true,"href":"https:\/\/www.agrupamentoolaias.edu.pt\/portal\/wp-json\/wp\/v2\/categories?post=2654"},{"taxonomy":"post_tag","embeddable":true,"href":"https:\/\/www.agrupamentoolaias.edu.pt\/portal\/wp-json\/wp\/v2\/tags?post=2654"}],"curies":[{"name":"wp","href":"https:\/\/api.w.org\/{rel}","templated":true}]}}