{"id":2811,"date":"2026-03-04T21:25:25","date_gmt":"2026-03-04T21:25:25","guid":{"rendered":"https:\/\/www.agrupamentoolaias.edu.pt\/portal\/?p=2811"},"modified":"2026-04-10T17:37:54","modified_gmt":"2026-04-10T17:37:54","slug":"o-dia-dos-afetos","status":"publish","type":"post","link":"https:\/\/www.agrupamentoolaias.edu.pt\/portal\/o-dia-dos-afetos\/","title":{"rendered":"O Dia dos Afetos"},"content":{"rendered":"\n\n\n<p><strong>O Dia do Afetos<\/strong><br \/>O agrupamento celebrou o <strong>Dia dos Afetos<\/strong> com uma actividade envolvendo alunos e encarregados de<br \/>educa\u00e7\u00e3o. Os alunos criaram trabalhos sobre o amor e a amizade nas disciplinas de Franc\u00eas, Ingl\u00eas e<br \/>Portugu\u00eas, expostos na biblioteca. Os encarregados de educa\u00e7\u00e3o participaram, observando os trabalhos,<br \/>lendo as cartas e os poemas e escrevendo mensagens aos seus educandos.<br \/>A actividade contou com o apoio incondicional de duas funcion\u00e1rias, a D. Isabel e a D. Magda, na<br \/>exposi\u00e7\u00e3o dos trabalhos e na decora\u00e7\u00e3o da mesa do lanche, com iguarias de Fran\u00e7a, Inglaterra e<br \/>Portugal.<br \/>O evento foi um sucesso, refor\u00e7ando os la\u00e7os entre escola e fam\u00edlia.<\/p>\n<p>A representante do Subdepartamento de Franc\u00eas<\/p>\n<p>Manuela Caetano<\/p>\n","protected":false},"excerpt":{"rendered":"<p>O Dia do AfetosO agrupamento celebrou o Dia dos Afetos com uma actividade envolvendo alunos e encarregados deeduca\u00e7\u00e3o. Os alunos<\/p>\n","protected":false},"author":1,"featured_media":2812,"comment_status":"closed","ping_status":"open","sticky":false,"template":"","format":"standard","meta":{"footnotes":""},"categories":[11,47,32],"tags":[],"class_list":["post-2811","post","type-post","status-publish","format-standard","has-post-thumbnail","hentry","category-actividades","category-escola-eb-23-das-olaias","category-noticias"],"wppr_data":[],"_links":{"self":[{"href":"https:\/\/www.agrupamentoolaias.edu.pt\/portal\/wp-json\/wp\/v2\/posts\/2811"}],"collection":[{"href":"https:\/\/www.agrupamentoolaias.edu.pt\/portal\/wp-json\/wp\/v2\/posts"}],"about":[{"href":"https:\/\/www.agrupamentoolaias.edu.pt\/portal\/wp-json\/wp\/v2\/types\/post"}],"author":[{"embeddable":true,"href":"https:\/\/www.agrupamentoolaias.edu.pt\/portal\/wp-json\/wp\/v2\/users\/1"}],"replies":[{"embeddable":true,"href":"https:\/\/www.agrupamentoolaias.edu.pt\/portal\/wp-json\/wp\/v2\/comments?post=2811"}],"version-history":[{"count":1,"href":"https:\/\/www.agrupamentoolaias.edu.pt\/portal\/wp-json\/wp\/v2\/posts\/2811\/revisions"}],"predecessor-version":[{"id":2813,"href":"https:\/\/www.agrupamentoolaias.edu.pt\/portal\/wp-json\/wp\/v2\/posts\/2811\/revisions\/2813"}],"wp:featuredmedia":[{"embeddable":true,"href":"https:\/\/www.agrupamentoolaias.edu.pt\/portal\/wp-json\/wp\/v2\/media\/2812"}],"wp:attachment":[{"href":"https:\/\/www.agrupamentoolaias.edu.pt\/portal\/wp-json\/wp\/v2\/media?parent=2811"}],"wp:term":[{"taxonomy":"category","embeddable":true,"href":"https:\/\/www.agrupamentoolaias.edu.pt\/portal\/wp-json\/wp\/v2\/categories?post=2811"},{"taxonomy":"post_tag","embeddable":true,"href":"https:\/\/www.agrupamentoolaias.edu.pt\/portal\/wp-json\/wp\/v2\/tags?post=2811"}],"curies":[{"name":"wp","href":"https:\/\/api.w.org\/{rel}","templated":true}]}}