{"id":2814,"date":"2026-03-04T21:40:00","date_gmt":"2026-03-04T21:40:00","guid":{"rendered":"https:\/\/www.agrupamentoolaias.edu.pt\/portal\/?p=2814"},"modified":"2026-03-04T21:40:02","modified_gmt":"2026-03-04T21:40:02","slug":"pes-atividade-higiene-oral","status":"publish","type":"post","link":"https:\/\/www.agrupamentoolaias.edu.pt\/portal\/pes-atividade-higiene-oral\/","title":{"rendered":"PES &#8211; Atividade higiene oral"},"content":{"rendered":"\n<p>PES -Fevereiro<\/p>\n<p>Nos dias 24, 25 e 26 de Fevereiro de 2026, decorreram na Escola EB 2,3 das Olaias,<br \/>sess\u00f5es de sensibiliza\u00e7\u00e3o para uma boa higiene oral.<br \/>A higienista oral da Unidade de Sa\u00fade Oral, Unidade de Sa\u00fade Local S. Jos\u00e9, Helena<br \/>Nat\u00e1rio, realizou 1 sess\u00e3o em cada uma das 3 turmas de 8o ano e nas 4 turmas de 5o ano.<br \/>Os alunos do 8o ano responderam anteriormente a um formul\u00e1rio sobre<br \/>conhecimentos b\u00e1sicos e h\u00e1bitos de sa\u00fade oral e participaram ativamente na sess\u00e3o.<br \/>Os alunos do 5o ano foram muito participativos, colocando quest\u00f5es muito<br \/>pertinentes.<\/p>\n<p>A coordenadora PES<\/p>\n<p>Maria da Luz Leal<\/p>\n","protected":false},"excerpt":{"rendered":"<p>PES -Fevereiro Nos dias 24, 25 e 26 de Fevereiro de 2026, decorreram na Escola EB 2,3 das Olaias,sess\u00f5es de<\/p>\n","protected":false},"author":1,"featured_media":2815,"comment_status":"closed","ping_status":"open","sticky":false,"template":"","format":"standard","meta":{"footnotes":""},"categories":[11,32,51],"tags":[],"class_list":["post-2814","post","type-post","status-publish","format-standard","has-post-thumbnail","hentry","category-actividades","category-noticias","category-pes"],"wppr_data":[],"_links":{"self":[{"href":"https:\/\/www.agrupamentoolaias.edu.pt\/portal\/wp-json\/wp\/v2\/posts\/2814"}],"collection":[{"href":"https:\/\/www.agrupamentoolaias.edu.pt\/portal\/wp-json\/wp\/v2\/posts"}],"about":[{"href":"https:\/\/www.agrupamentoolaias.edu.pt\/portal\/wp-json\/wp\/v2\/types\/post"}],"author":[{"embeddable":true,"href":"https:\/\/www.agrupamentoolaias.edu.pt\/portal\/wp-json\/wp\/v2\/users\/1"}],"replies":[{"embeddable":true,"href":"https:\/\/www.agrupamentoolaias.edu.pt\/portal\/wp-json\/wp\/v2\/comments?post=2814"}],"version-history":[{"count":1,"href":"https:\/\/www.agrupamentoolaias.edu.pt\/portal\/wp-json\/wp\/v2\/posts\/2814\/revisions"}],"predecessor-version":[{"id":2816,"href":"https:\/\/www.agrupamentoolaias.edu.pt\/portal\/wp-json\/wp\/v2\/posts\/2814\/revisions\/2816"}],"wp:featuredmedia":[{"embeddable":true,"href":"https:\/\/www.agrupamentoolaias.edu.pt\/portal\/wp-json\/wp\/v2\/media\/2815"}],"wp:attachment":[{"href":"https:\/\/www.agrupamentoolaias.edu.pt\/portal\/wp-json\/wp\/v2\/media?parent=2814"}],"wp:term":[{"taxonomy":"category","embeddable":true,"href":"https:\/\/www.agrupamentoolaias.edu.pt\/portal\/wp-json\/wp\/v2\/categories?post=2814"},{"taxonomy":"post_tag","embeddable":true,"href":"https:\/\/www.agrupamentoolaias.edu.pt\/portal\/wp-json\/wp\/v2\/tags?post=2814"}],"curies":[{"name":"wp","href":"https:\/\/api.w.org\/{rel}","templated":true}]}}