{"id":361,"date":"2018-11-03T11:01:11","date_gmt":"2018-11-03T11:01:11","guid":{"rendered":"http:\/\/www.agrupamentoolaias.edu.pt\/portal\/?p=361"},"modified":"2018-11-03T11:09:23","modified_gmt":"2018-11-03T11:09:23","slug":"pequeno-almoco-saudavel-vs-pequeno-almoco-ingles","status":"publish","type":"post","link":"https:\/\/www.agrupamentoolaias.edu.pt\/portal\/pequeno-almoco-saudavel-vs-pequeno-almoco-ingles\/","title":{"rendered":"\u201cPequeno-almo\u00e7o saud\u00e1vel vs Pequeno almo\u00e7o Ingl\u00eas\u201d."},"content":{"rendered":"<p><a href=\"https:\/\/www.agrupamentoolaias.edu.pt\/portal\/wp-content\/uploads\/2018\/11\/DSC_0361.jpg\" rel=\"attachment wp-att-354\"><img loading=\"lazy\" decoding=\"async\" class=\"alignnone size-medium wp-image-354\" src=\"https:\/\/www.agrupamentoolaias.edu.pt\/portal\/wp-content\/uploads\/2018\/11\/DSC_0361-300x169.jpg\" alt=\"DSC_0361\" width=\"300\" height=\"169\" srcset=\"https:\/\/www.agrupamentoolaias.edu.pt\/portal\/wp-content\/uploads\/2018\/11\/DSC_0361-300x169.jpg 300w, https:\/\/www.agrupamentoolaias.edu.pt\/portal\/wp-content\/uploads\/2018\/11\/DSC_0361-1024x576.jpg 1024w, https:\/\/www.agrupamentoolaias.edu.pt\/portal\/wp-content\/uploads\/2018\/11\/DSC_0361-660x371.jpg 660w, https:\/\/www.agrupamentoolaias.edu.pt\/portal\/wp-content\/uploads\/2018\/11\/DSC_0361-50x28.jpg 50w\" sizes=\"(max-width: 300px) 100vw, 300px\" \/><\/a> <a href=\"https:\/\/www.agrupamentoolaias.edu.pt\/portal\/wp-content\/uploads\/2018\/11\/DSC_0360.jpg\" rel=\"attachment wp-att-353\"><img loading=\"lazy\" decoding=\"async\" class=\"alignnone size-medium wp-image-353\" src=\"https:\/\/www.agrupamentoolaias.edu.pt\/portal\/wp-content\/uploads\/2018\/11\/DSC_0360-300x169.jpg\" alt=\"DSC_0360\" width=\"300\" height=\"169\" srcset=\"https:\/\/www.agrupamentoolaias.edu.pt\/portal\/wp-content\/uploads\/2018\/11\/DSC_0360-300x169.jpg 300w, https:\/\/www.agrupamentoolaias.edu.pt\/portal\/wp-content\/uploads\/2018\/11\/DSC_0360-1024x576.jpg 1024w, https:\/\/www.agrupamentoolaias.edu.pt\/portal\/wp-content\/uploads\/2018\/11\/DSC_0360-660x371.jpg 660w, https:\/\/www.agrupamentoolaias.edu.pt\/portal\/wp-content\/uploads\/2018\/11\/DSC_0360-50x28.jpg 50w\" sizes=\"(max-width: 300px) 100vw, 300px\" \/><\/a> <a href=\"https:\/\/www.agrupamentoolaias.edu.pt\/portal\/wp-content\/uploads\/2018\/11\/DSC_0353.jpg\" rel=\"attachment wp-att-352\"><img loading=\"lazy\" decoding=\"async\" class=\"alignnone size-medium wp-image-352\" src=\"https:\/\/www.agrupamentoolaias.edu.pt\/portal\/wp-content\/uploads\/2018\/11\/DSC_0353-300x169.jpg\" alt=\"DSC_0353\" width=\"300\" height=\"169\" srcset=\"https:\/\/www.agrupamentoolaias.edu.pt\/portal\/wp-content\/uploads\/2018\/11\/DSC_0353-300x169.jpg 300w, https:\/\/www.agrupamentoolaias.edu.pt\/portal\/wp-content\/uploads\/2018\/11\/DSC_0353-1024x576.jpg 1024w, https:\/\/www.agrupamentoolaias.edu.pt\/portal\/wp-content\/uploads\/2018\/11\/DSC_0353-660x371.jpg 660w, https:\/\/www.agrupamentoolaias.edu.pt\/portal\/wp-content\/uploads\/2018\/11\/DSC_0353-50x28.jpg 50w\" sizes=\"(max-width: 300px) 100vw, 300px\" \/><\/a> <a href=\"https:\/\/www.agrupamentoolaias.edu.pt\/portal\/wp-content\/uploads\/2018\/11\/DSC_0352.jpg\" rel=\"attachment wp-att-351\"><img loading=\"lazy\" decoding=\"async\" class=\"alignnone size-medium wp-image-351\" src=\"https:\/\/www.agrupamentoolaias.edu.pt\/portal\/wp-content\/uploads\/2018\/11\/DSC_0352-300x169.jpg\" alt=\"DSC_0352\" width=\"300\" height=\"169\" srcset=\"https:\/\/www.agrupamentoolaias.edu.pt\/portal\/wp-content\/uploads\/2018\/11\/DSC_0352-300x169.jpg 300w, https:\/\/www.agrupamentoolaias.edu.pt\/portal\/wp-content\/uploads\/2018\/11\/DSC_0352-1024x576.jpg 1024w, https:\/\/www.agrupamentoolaias.edu.pt\/portal\/wp-content\/uploads\/2018\/11\/DSC_0352-660x371.jpg 660w, https:\/\/www.agrupamentoolaias.edu.pt\/portal\/wp-content\/uploads\/2018\/11\/DSC_0352-50x28.jpg 50w\" sizes=\"(max-width: 300px) 100vw, 300px\" \/><\/a> <a href=\"https:\/\/www.agrupamentoolaias.edu.pt\/portal\/wp-content\/uploads\/2018\/11\/DSC_0342.jpg\" rel=\"attachment wp-att-350\"><img loading=\"lazy\" decoding=\"async\" class=\"alignnone size-medium wp-image-350\" src=\"https:\/\/www.agrupamentoolaias.edu.pt\/portal\/wp-content\/uploads\/2018\/11\/DSC_0342-300x169.jpg\" alt=\"DSC_0342\" width=\"300\" height=\"169\" srcset=\"https:\/\/www.agrupamentoolaias.edu.pt\/portal\/wp-content\/uploads\/2018\/11\/DSC_0342-300x169.jpg 300w, https:\/\/www.agrupamentoolaias.edu.pt\/portal\/wp-content\/uploads\/2018\/11\/DSC_0342-1024x576.jpg 1024w, https:\/\/www.agrupamentoolaias.edu.pt\/portal\/wp-content\/uploads\/2018\/11\/DSC_0342-660x371.jpg 660w, https:\/\/www.agrupamentoolaias.edu.pt\/portal\/wp-content\/uploads\/2018\/11\/DSC_0342-50x28.jpg 50w\" sizes=\"(max-width: 300px) 100vw, 300px\" \/><\/a><a href=\"https:\/\/www.agrupamentoolaias.edu.pt\/portal\/wp-content\/uploads\/2018\/11\/DSC_0331.jpg\" rel=\"attachment wp-att-347\"><img loading=\"lazy\" decoding=\"async\" class=\"alignnone size-medium wp-image-347\" src=\"https:\/\/www.agrupamentoolaias.edu.pt\/portal\/wp-content\/uploads\/2018\/11\/DSC_0331-300x169.jpg\" alt=\"DSC_0331\" width=\"300\" height=\"169\" srcset=\"https:\/\/www.agrupamentoolaias.edu.pt\/portal\/wp-content\/uploads\/2018\/11\/DSC_0331-300x169.jpg 300w, https:\/\/www.agrupamentoolaias.edu.pt\/portal\/wp-content\/uploads\/2018\/11\/DSC_0331-1024x576.jpg 1024w, https:\/\/www.agrupamentoolaias.edu.pt\/portal\/wp-content\/uploads\/2018\/11\/DSC_0331-660x371.jpg 660w, https:\/\/www.agrupamentoolaias.edu.pt\/portal\/wp-content\/uploads\/2018\/11\/DSC_0331-50x28.jpg 50w\" sizes=\"(max-width: 300px) 100vw, 300px\" \/><\/a><\/p>\n<p>Com vista a comemorar o Dia Mundial da Alimenta\u00e7\u00e3o realizou-se uma atividade no refeit\u00f3rio da Escola EB 2,3 das Olaias, no dia 17 de outubro de 2018.<\/p>\n<p>A atividade consistiu num pequeno-almo\u00e7o partilhado organizado nas aulas de Educa\u00e7\u00e3o para Cidadania, Cidadania e desenvolvimento, Ingl\u00eas, Educa\u00e7\u00e3o F\u00edsica e Orienta\u00e7\u00e3o Escolar. Foram objetivos: incentivar h\u00e1bitos de vida saud\u00e1vel na comunidade escolar; o alargamento do conhecimento dos alunos acerca da cultura inglesa; o reconhecimento e manifesta\u00e7\u00e3o de atitudes positivas perante padr\u00f5es culturais e sociais pr\u00f3prios de universos diferenciados e o incentivo das rela\u00e7\u00f5es interpessoais dentro da comunidade educativa.<\/p>\n<p>Estiveram envolvidas tr\u00eas turmas, 7\u00baA; 8\u00baC e 9\u00baC, quatro professoras, Ana Moura, Lara Ponte, Maria da Luz Leal e Paula leit\u00e3o e a orientadora escolar, Gisela Matos. O evento contou com a presen\u00e7a e participa\u00e7\u00e3o de tr\u00eas encarregadas de educa\u00e7\u00e3o. A dire\u00e7\u00e3o do agrupamento disponibilizou o refeit\u00f3rio e os recursos necess\u00e1rios para colocar a comida e tomar as bebidas.<\/p>\n<p>A biblioteca escolar disponibilizou jogos sobre alimenta\u00e7\u00e3o que os alunos jogaram ap\u00f3s o pequeno-almo\u00e7o.<\/p>\n<p>Eis alguns coment\u00e1rios dos participantes: \u201cconfraterniza\u00e7\u00e3o\u201d; \u201csenti os alimentos\u201d; \u201calegria\u201d; \u201cbom\u201d; \u201cmomentos de partilha\u201d; \u201csenti-me bem\u201d; \u201cfoi bom estarmos a comer todos juntos\u201d; \u201co pequeno-almo\u00e7o foi bom e os jogos ainda melhor; \u201cadorei estar ao lado da turma\u201d e \u201cgostei de tomar o pequeno-almo\u00e7o na escola e de estar com os colegas\u201d.<\/p>\n","protected":false},"excerpt":{"rendered":"<p>Com vista a comemorar o Dia Mundial da Alimenta\u00e7\u00e3o realizou-se uma atividade no refeit\u00f3rio da Escola EB 2,3 das Olaias,<\/p>\n","protected":false},"author":1,"featured_media":0,"comment_status":"closed","ping_status":"open","sticky":false,"template":"","format":"standard","meta":{"footnotes":""},"categories":[1],"tags":[],"class_list":["post-361","post","type-post","status-publish","format-standard","hentry","category-uncategorized"],"wppr_data":{"cwp_meta_box_check":"No","cwp_rev_product_name":"","cwp_rev_product_image":"","cwp_image_link":"image","cwp_rev_price":""},"_links":{"self":[{"href":"https:\/\/www.agrupamentoolaias.edu.pt\/portal\/wp-json\/wp\/v2\/posts\/361"}],"collection":[{"href":"https:\/\/www.agrupamentoolaias.edu.pt\/portal\/wp-json\/wp\/v2\/posts"}],"about":[{"href":"https:\/\/www.agrupamentoolaias.edu.pt\/portal\/wp-json\/wp\/v2\/types\/post"}],"author":[{"embeddable":true,"href":"https:\/\/www.agrupamentoolaias.edu.pt\/portal\/wp-json\/wp\/v2\/users\/1"}],"replies":[{"embeddable":true,"href":"https:\/\/www.agrupamentoolaias.edu.pt\/portal\/wp-json\/wp\/v2\/comments?post=361"}],"version-history":[{"count":2,"href":"https:\/\/www.agrupamentoolaias.edu.pt\/portal\/wp-json\/wp\/v2\/posts\/361\/revisions"}],"predecessor-version":[{"id":364,"href":"https:\/\/www.agrupamentoolaias.edu.pt\/portal\/wp-json\/wp\/v2\/posts\/361\/revisions\/364"}],"wp:attachment":[{"href":"https:\/\/www.agrupamentoolaias.edu.pt\/portal\/wp-json\/wp\/v2\/media?parent=361"}],"wp:term":[{"taxonomy":"category","embeddable":true,"href":"https:\/\/www.agrupamentoolaias.edu.pt\/portal\/wp-json\/wp\/v2\/categories?post=361"},{"taxonomy":"post_tag","embeddable":true,"href":"https:\/\/www.agrupamentoolaias.edu.pt\/portal\/wp-json\/wp\/v2\/tags?post=361"}],"curies":[{"name":"wp","href":"https:\/\/api.w.org\/{rel}","templated":true}]}}