{"id":372,"date":"2018-11-09T11:06:37","date_gmt":"2018-11-09T11:06:37","guid":{"rendered":"http:\/\/www.agrupamentoolaias.edu.pt\/portal\/?p=372"},"modified":"2018-11-09T11:06:37","modified_gmt":"2018-11-09T11:06:37","slug":"visita-a-escola-das-olaias-no-ambito-do-projeto-erasmus-ka1","status":"publish","type":"post","link":"https:\/\/www.agrupamentoolaias.edu.pt\/portal\/visita-a-escola-das-olaias-no-ambito-do-projeto-erasmus-ka1\/","title":{"rendered":"Visita \u00e0 Escola das Olaias no \u00e2mbito do Projeto Erasmus + KA1"},"content":{"rendered":"<p><a href=\"https:\/\/www.agrupamentoolaias.edu.pt\/portal\/wp-content\/uploads\/2018\/11\/Fotografia-do-grupo.pdf\" rel=\"\">Fotografia do grupo<\/a><\/p>\n<div class=\"x_gmail_default\">No \u00e2mbito do projeto Erasmus + KA1,\u00a0a\u00a0IGEC (Inspe\u00e7\u00e3o Geral de Educa\u00e7\u00e3o e Ci\u00eancia) do Minist\u00e9rio da Educa\u00e7\u00e3o endere\u00e7ou \u00e0 Escola um convite para esta ser\u00a0 anfitri\u00e3 de um grupo de trabalho\u00a0da Inspe\u00e7\u00e3o de Educa\u00e7\u00e3o Austr\u00edaca constitu\u00eddo por\u00a016 profissionais da educa\u00e7\u00e3o,\u00a0 entre inspetores, diretores de escolas e um representante do Minist\u00e9rio da Educa\u00e7\u00e3o.A visita teve lugar no passado dia 30 de outubro.<\/div>\n<div class=\"x_gmail_default\">O objetivo dos visitantes \u00a0foi o de conhecer a realidade de uma escola portuguesa com boas pr\u00e1ticas de uma educa\u00e7\u00e3o inclusiva.<\/div>\n","protected":false},"excerpt":{"rendered":"<p>Fotografia do grupo No \u00e2mbito do projeto Erasmus + KA1,\u00a0a\u00a0IGEC (Inspe\u00e7\u00e3o Geral de Educa\u00e7\u00e3o e Ci\u00eancia) do Minist\u00e9rio da Educa\u00e7\u00e3o<\/p>\n","protected":false},"author":1,"featured_media":0,"comment_status":"closed","ping_status":"open","sticky":false,"template":"","format":"standard","meta":{"footnotes":""},"categories":[12],"tags":[],"class_list":["post-372","post","type-post","status-publish","format-standard","hentry","category-geral"],"wppr_data":{"cwp_meta_box_check":"No","cwp_rev_product_name":"","cwp_rev_product_image":"","cwp_image_link":"image","cwp_rev_price":""},"_links":{"self":[{"href":"https:\/\/www.agrupamentoolaias.edu.pt\/portal\/wp-json\/wp\/v2\/posts\/372"}],"collection":[{"href":"https:\/\/www.agrupamentoolaias.edu.pt\/portal\/wp-json\/wp\/v2\/posts"}],"about":[{"href":"https:\/\/www.agrupamentoolaias.edu.pt\/portal\/wp-json\/wp\/v2\/types\/post"}],"author":[{"embeddable":true,"href":"https:\/\/www.agrupamentoolaias.edu.pt\/portal\/wp-json\/wp\/v2\/users\/1"}],"replies":[{"embeddable":true,"href":"https:\/\/www.agrupamentoolaias.edu.pt\/portal\/wp-json\/wp\/v2\/comments?post=372"}],"version-history":[{"count":1,"href":"https:\/\/www.agrupamentoolaias.edu.pt\/portal\/wp-json\/wp\/v2\/posts\/372\/revisions"}],"predecessor-version":[{"id":373,"href":"https:\/\/www.agrupamentoolaias.edu.pt\/portal\/wp-json\/wp\/v2\/posts\/372\/revisions\/373"}],"wp:attachment":[{"href":"https:\/\/www.agrupamentoolaias.edu.pt\/portal\/wp-json\/wp\/v2\/media?parent=372"}],"wp:term":[{"taxonomy":"category","embeddable":true,"href":"https:\/\/www.agrupamentoolaias.edu.pt\/portal\/wp-json\/wp\/v2\/categories?post=372"},{"taxonomy":"post_tag","embeddable":true,"href":"https:\/\/www.agrupamentoolaias.edu.pt\/portal\/wp-json\/wp\/v2\/tags?post=372"}],"curies":[{"name":"wp","href":"https:\/\/api.w.org\/{rel}","templated":true}]}}