{"id":393,"date":"2018-11-20T18:44:00","date_gmt":"2018-11-20T18:44:00","guid":{"rendered":"http:\/\/www.agrupamentoolaias.edu.pt\/portal\/?p=393"},"modified":"2018-11-20T19:37:35","modified_gmt":"2018-11-20T19:37:35","slug":"a-terra-treme","status":"publish","type":"post","link":"https:\/\/www.agrupamentoolaias.edu.pt\/portal\/a-terra-treme\/","title":{"rendered":"A TERRA TREME"},"content":{"rendered":"<p class=\"x_MsoNormal\">O Agrupamento aceitou o convite da Dire\u00e7\u00e3o Geral de Educa\u00e7\u00e3o para participar no exerc\u00edcio\u00a0de preven\u00e7\u00e3o do risco s\u00edsmico A TERRA TREME no passado DIA 5 DE NOVEMBRO,\u00c0S 11.05 h com a dura\u00e7\u00e3o de 1 minuto.<\/p>\n<p class=\"x_MsoNormal\">\u00a0Esta iniciativa, promovida \u00a0no \u00e2mbito da Estrat\u00e9gia Nacional de Educa\u00e7\u00e3o para a Cidadania,procura sensibilizar para a import\u00e2ncia de pequenos gestos que podem salvar vidas, bem como promover a ado\u00e7\u00e3o de comportamentos de autoprote\u00e7\u00e3o &#8211; ANTES, DURANTE e DEPOIS de um sismo.<\/p>\n<p class=\"x_MsoNormal\">\u00a0A participa\u00e7\u00e3o do Agrupamento foi um \u00eaxito com\u00a0praticamente\u00a0100% de ades\u00e3o.<\/p>\n<p class=\"x_MsoNormal\">Seguem-se duas imagens emblem\u00e1ticas \u00a0da atividade desenvolvida.<\/p>\n<p class=\"x_MsoNormal\"><a href=\"https:\/\/www.agrupamentoolaias.edu.pt\/portal\/wp-content\/uploads\/2018\/11\/IMG_20181105_112102.jpg\" rel=\"attachment wp-att-396\"><img loading=\"lazy\" decoding=\"async\" class=\"alignnone size-medium wp-image-396\" src=\"https:\/\/www.agrupamentoolaias.edu.pt\/portal\/wp-content\/uploads\/2018\/11\/IMG_20181105_112102-225x300.jpg\" alt=\"IMG_20181105_112102\" width=\"225\" height=\"300\" srcset=\"https:\/\/www.agrupamentoolaias.edu.pt\/portal\/wp-content\/uploads\/2018\/11\/IMG_20181105_112102-225x300.jpg 225w, https:\/\/www.agrupamentoolaias.edu.pt\/portal\/wp-content\/uploads\/2018\/11\/IMG_20181105_112102-768x1024.jpg 768w, https:\/\/www.agrupamentoolaias.edu.pt\/portal\/wp-content\/uploads\/2018\/11\/IMG_20181105_112102-660x880.jpg 660w, https:\/\/www.agrupamentoolaias.edu.pt\/portal\/wp-content\/uploads\/2018\/11\/IMG_20181105_112102-38x50.jpg 38w\" sizes=\"(max-width: 225px) 100vw, 225px\" \/><\/a> <a href=\"https:\/\/www.agrupamentoolaias.edu.pt\/portal\/wp-content\/uploads\/2018\/11\/IMG_20181105_111259.jpg\" rel=\"attachment wp-att-395\"><img loading=\"lazy\" decoding=\"async\" class=\"alignnone size-medium wp-image-395\" src=\"https:\/\/www.agrupamentoolaias.edu.pt\/portal\/wp-content\/uploads\/2018\/11\/IMG_20181105_111259-300x225.jpg\" alt=\"IMG_20181105_111259\" width=\"300\" height=\"225\" srcset=\"https:\/\/www.agrupamentoolaias.edu.pt\/portal\/wp-content\/uploads\/2018\/11\/IMG_20181105_111259-300x225.jpg 300w, https:\/\/www.agrupamentoolaias.edu.pt\/portal\/wp-content\/uploads\/2018\/11\/IMG_20181105_111259-1024x768.jpg 1024w, https:\/\/www.agrupamentoolaias.edu.pt\/portal\/wp-content\/uploads\/2018\/11\/IMG_20181105_111259-660x495.jpg 660w, https:\/\/www.agrupamentoolaias.edu.pt\/portal\/wp-content\/uploads\/2018\/11\/IMG_20181105_111259-50x38.jpg 50w\" sizes=\"(max-width: 300px) 100vw, 300px\" \/><\/a><\/p>\n","protected":false},"excerpt":{"rendered":"<p>O Agrupamento aceitou o convite da Dire\u00e7\u00e3o Geral de Educa\u00e7\u00e3o para participar no exerc\u00edcio\u00a0de preven\u00e7\u00e3o do risco s\u00edsmico A TERRA<\/p>\n","protected":false},"author":1,"featured_media":0,"comment_status":"closed","ping_status":"open","sticky":false,"template":"","format":"standard","meta":{"footnotes":""},"categories":[12],"tags":[],"class_list":["post-393","post","type-post","status-publish","format-standard","hentry","category-geral"],"wppr_data":{"cwp_meta_box_check":"No","cwp_rev_product_name":"","cwp_rev_product_image":"","cwp_image_link":"image","cwp_rev_price":""},"_links":{"self":[{"href":"https:\/\/www.agrupamentoolaias.edu.pt\/portal\/wp-json\/wp\/v2\/posts\/393"}],"collection":[{"href":"https:\/\/www.agrupamentoolaias.edu.pt\/portal\/wp-json\/wp\/v2\/posts"}],"about":[{"href":"https:\/\/www.agrupamentoolaias.edu.pt\/portal\/wp-json\/wp\/v2\/types\/post"}],"author":[{"embeddable":true,"href":"https:\/\/www.agrupamentoolaias.edu.pt\/portal\/wp-json\/wp\/v2\/users\/1"}],"replies":[{"embeddable":true,"href":"https:\/\/www.agrupamentoolaias.edu.pt\/portal\/wp-json\/wp\/v2\/comments?post=393"}],"version-history":[{"count":2,"href":"https:\/\/www.agrupamentoolaias.edu.pt\/portal\/wp-json\/wp\/v2\/posts\/393\/revisions"}],"predecessor-version":[{"id":397,"href":"https:\/\/www.agrupamentoolaias.edu.pt\/portal\/wp-json\/wp\/v2\/posts\/393\/revisions\/397"}],"wp:attachment":[{"href":"https:\/\/www.agrupamentoolaias.edu.pt\/portal\/wp-json\/wp\/v2\/media?parent=393"}],"wp:term":[{"taxonomy":"category","embeddable":true,"href":"https:\/\/www.agrupamentoolaias.edu.pt\/portal\/wp-json\/wp\/v2\/categories?post=393"},{"taxonomy":"post_tag","embeddable":true,"href":"https:\/\/www.agrupamentoolaias.edu.pt\/portal\/wp-json\/wp\/v2\/tags?post=393"}],"curies":[{"name":"wp","href":"https:\/\/api.w.org\/{rel}","templated":true}]}}