{"id":398,"date":"2018-11-26T15:57:08","date_gmt":"2018-11-26T15:57:08","guid":{"rendered":"http:\/\/www.agrupamentoolaias.edu.pt\/portal\/?p=398"},"modified":"2022-04-14T16:30:11","modified_gmt":"2022-04-14T16:30:11","slug":"sharing-cities-sharing-lisboa","status":"publish","type":"post","link":"https:\/\/www.agrupamentoolaias.edu.pt\/portal\/sharing-cities-sharing-lisboa\/","title":{"rendered":"SHARING CITIES\/ SHARING LISBOA"},"content":{"rendered":"<p class=\"x_MsoNormal\">A Escola EB 2,3 das Olaias foi \u00a0 uma das tr\u00eas escolas em \u00a0Lisboa (EB 2,3 \u00a0Nuno Gon\u00e7alves e EB 2,3 Manuel da Maia) convidadas pela C\u00e2mara Municipal e pelo \u00a0cons\u00f3rcio <i>sharing cities<\/i> \u00a0para participar do programa europeu\u00a0<a href=\"https:\/\/sharingcities.pt\/sharinglisboa\/\" target=\"_blank\" rel=\"noopener noreferrer\" data-auth=\"NotApplicable\">sharingcities<\/a>,\/<a href=\"https:\/\/sharingcities.pt\/sharinglisboa\/\" target=\"_blank\" rel=\"noopener noreferrer\" data-auth=\"NotApplicable\">sharinglisboa<\/a>.<\/p>\n<p class=\"x_MsoNormal\">\u00a0&#8220;Sharing\u00a0Cities\u201d\u00a0\u00e9 um programa financiado pelo Horizon\u00a02020, que envolve as cidades de Londres, Mil\u00e3o e Lisboa,\u00a0onde est\u00e3o a ser\u00a0instalados equipamentos e solu\u00e7\u00f5es inovadoras nas \u00e1reas de requalifica\u00e7\u00e3o de edif\u00edcios, mobilidade el\u00e9ctrica e gest\u00e3o de energia, de modo a tornar as cidades mais inteligentes.<\/p>\n<p class=\"x_MsoNormal\">\u00a0Trata-se do envolvimento das tr\u00eas escolas num concurso em que haver\u00e1 pr\u00e9mios para todas as escolas. Todos podem ajudar a que a nossa Escola fique em 1\u00ba lugar e ganhe o financiamento mais elevado para a respetiva \u00a0requalifica\u00e7\u00e3o energ\u00e9tica.<\/p>\n<p class=\"x_MsoNormal\">Assim, pedimos aos Encarregados de Educa\u00e7\u00e3o , familiares e amigos que descarreguem a aplica\u00e7\u00e3o. A condi\u00e7\u00e3o necess\u00e1ria \u00e9 ser de Lisboa. Esta aplica\u00e7\u00e3o s\u00f3 \u00e9 poss\u00edvel nesta fase inicial para telem\u00f3veis com sistema Android.<\/p>\n<p class=\"x_MsoNormal\">\u00a0Os vossos educandos ( 2\u00ba e 3\u00ba ciclos)* est\u00e3o a ter forma\u00e7\u00e3o nas respetivas turmas na aula de Educa\u00e7\u00e3o para a Cidadania ou em Cidadania e Desenvolvimento e podem explicar-vos como funciona.<\/p>\n<p class=\"x_MsoNormal\">\u00a0*Embora este programa se destine aos alunos dos 2\u00ba e 3\u00ba ciclos ,todos os Encarregados de educa\u00e7\u00e3o podem\u00a0 participar.<\/p>\n<p class=\"x_MsoNormal\">\u00a0Abaixo encontram-se \u00a0as hiperliga\u00e7\u00f5es referentes ao programa.<\/p>\n<p class=\"x_MsoNormal\">\u00a0Site da APP:\u00a0<a href=\"http:\/\/www.sharinglisboa.pt\/\" target=\"_blank\" rel=\"noopener noreferrer\" data-auth=\"NotApplicable\">http:\/\/www.sharinglisboa.pt\/<\/a><\/p>\n<p class=\"x_MsoNormal\">V\u00eddeo de Apresenta\u00e7\u00e3o:\u00a0<a href=\"https:\/\/www.youtube.com\/watch?v=-ZubUvdgDUc\" target=\"_blank\" rel=\"noopener noreferrer\" data-auth=\"NotApplicable\">https:\/\/www.youtube.com\/watch?v=-ZubUvdgDUc<\/a>\u00a0(Legendas PT)<\/p>\n<p class=\"x_MsoNormal\">Link Para descarregar a APP:\u00a0<a href=\"https:\/\/sharinglisboa.alticelabs.com\/\" target=\"_blank\" rel=\"noopener noreferrer\" data-auth=\"NotApplicable\">https:\/\/sharinglisboa.alticelabs.com\/<\/a><\/p>\n<p class=\"x_MsoNormal\">\n","protected":false},"excerpt":{"rendered":"<p>A Escola EB 2,3 das Olaias foi \u00a0 uma das tr\u00eas escolas em \u00a0Lisboa (EB 2,3 \u00a0Nuno Gon\u00e7alves e EB<\/p>\n","protected":false},"author":1,"featured_media":0,"comment_status":"closed","ping_status":"open","sticky":false,"template":"","format":"standard","meta":{"footnotes":""},"categories":[11],"tags":[],"class_list":["post-398","post","type-post","status-publish","format-standard","hentry","category-actividades"],"wppr_data":{"cwp_meta_box_check":"No","cwp_rev_product_name":"","cwp_rev_product_image":"","cwp_image_link":"image","cwp_rev_price":""},"_links":{"self":[{"href":"https:\/\/www.agrupamentoolaias.edu.pt\/portal\/wp-json\/wp\/v2\/posts\/398"}],"collection":[{"href":"https:\/\/www.agrupamentoolaias.edu.pt\/portal\/wp-json\/wp\/v2\/posts"}],"about":[{"href":"https:\/\/www.agrupamentoolaias.edu.pt\/portal\/wp-json\/wp\/v2\/types\/post"}],"author":[{"embeddable":true,"href":"https:\/\/www.agrupamentoolaias.edu.pt\/portal\/wp-json\/wp\/v2\/users\/1"}],"replies":[{"embeddable":true,"href":"https:\/\/www.agrupamentoolaias.edu.pt\/portal\/wp-json\/wp\/v2\/comments?post=398"}],"version-history":[{"count":1,"href":"https:\/\/www.agrupamentoolaias.edu.pt\/portal\/wp-json\/wp\/v2\/posts\/398\/revisions"}],"predecessor-version":[{"id":399,"href":"https:\/\/www.agrupamentoolaias.edu.pt\/portal\/wp-json\/wp\/v2\/posts\/398\/revisions\/399"}],"wp:attachment":[{"href":"https:\/\/www.agrupamentoolaias.edu.pt\/portal\/wp-json\/wp\/v2\/media?parent=398"}],"wp:term":[{"taxonomy":"category","embeddable":true,"href":"https:\/\/www.agrupamentoolaias.edu.pt\/portal\/wp-json\/wp\/v2\/categories?post=398"},{"taxonomy":"post_tag","embeddable":true,"href":"https:\/\/www.agrupamentoolaias.edu.pt\/portal\/wp-json\/wp\/v2\/tags?post=398"}],"curies":[{"name":"wp","href":"https:\/\/api.w.org\/{rel}","templated":true}]}}