{"id":520,"date":"2019-11-26T21:28:04","date_gmt":"2019-11-26T21:28:04","guid":{"rendered":"http:\/\/www.agrupamentoolaias.edu.pt\/portal\/?p=520"},"modified":"2019-11-26T21:28:04","modified_gmt":"2019-11-26T21:28:04","slug":"contratacao-de-escola-do-grupo-de-recrutamento-240-educacao-visual-e-tecnologica","status":"publish","type":"post","link":"https:\/\/www.agrupamentoolaias.edu.pt\/portal\/contratacao-de-escola-do-grupo-de-recrutamento-240-educacao-visual-e-tecnologica\/","title":{"rendered":"Contrata\u00e7\u00e3o de Escola do Grupo de recrutamento 240 \u2013 Educa\u00e7\u00e3o Visual e Tecnol\u00f3gica"},"content":{"rendered":"<p>Junto se anexa ficheiro sobre\u00a0Contrata\u00e7\u00e3o de Escola do Grupo de recrutamento 240 \u2013 Educa\u00e7\u00e3o Visual e Tecnol\u00f3gica.<\/p>\n<p><a href=\"https:\/\/www.agrupamentoolaias.edu.pt\/portal\/wp-content\/uploads\/2019\/11\/Contrata\u00e7\u00e3o-de-Escola-do-grupo-240-H25.pdf\" target=\"_blank\" rel=\"\">Contrata\u00e7\u00e3o de Escola do grupo 240 H25<\/a><\/p>\n","protected":false},"excerpt":{"rendered":"<p>Junto se anexa ficheiro sobre\u00a0Contrata\u00e7\u00e3o de Escola do Grupo de recrutamento 240 \u2013 Educa\u00e7\u00e3o Visual e Tecnol\u00f3gica. Contrata\u00e7\u00e3o de Escola<\/p>\n","protected":false},"author":1,"featured_media":0,"comment_status":"closed","ping_status":"open","sticky":false,"template":"","format":"standard","meta":{"footnotes":""},"categories":[1],"tags":[],"class_list":["post-520","post","type-post","status-publish","format-standard","hentry","category-uncategorized"],"wppr_data":{"cwp_meta_box_check":"No","cwp_rev_product_name":"","cwp_rev_product_image":"","cwp_image_link":"image","cwp_rev_price":""},"_links":{"self":[{"href":"https:\/\/www.agrupamentoolaias.edu.pt\/portal\/wp-json\/wp\/v2\/posts\/520"}],"collection":[{"href":"https:\/\/www.agrupamentoolaias.edu.pt\/portal\/wp-json\/wp\/v2\/posts"}],"about":[{"href":"https:\/\/www.agrupamentoolaias.edu.pt\/portal\/wp-json\/wp\/v2\/types\/post"}],"author":[{"embeddable":true,"href":"https:\/\/www.agrupamentoolaias.edu.pt\/portal\/wp-json\/wp\/v2\/users\/1"}],"replies":[{"embeddable":true,"href":"https:\/\/www.agrupamentoolaias.edu.pt\/portal\/wp-json\/wp\/v2\/comments?post=520"}],"version-history":[{"count":1,"href":"https:\/\/www.agrupamentoolaias.edu.pt\/portal\/wp-json\/wp\/v2\/posts\/520\/revisions"}],"predecessor-version":[{"id":522,"href":"https:\/\/www.agrupamentoolaias.edu.pt\/portal\/wp-json\/wp\/v2\/posts\/520\/revisions\/522"}],"wp:attachment":[{"href":"https:\/\/www.agrupamentoolaias.edu.pt\/portal\/wp-json\/wp\/v2\/media?parent=520"}],"wp:term":[{"taxonomy":"category","embeddable":true,"href":"https:\/\/www.agrupamentoolaias.edu.pt\/portal\/wp-json\/wp\/v2\/categories?post=520"},{"taxonomy":"post_tag","embeddable":true,"href":"https:\/\/www.agrupamentoolaias.edu.pt\/portal\/wp-json\/wp\/v2\/tags?post=520"}],"curies":[{"name":"wp","href":"https:\/\/api.w.org\/{rel}","templated":true}]}}